{"id":78,"date":"2011-02-14T20:16:08","date_gmt":"2011-02-14T19:16:08","guid":{"rendered":"http:\/\/ree7.fr\/blog\/?p=78"},"modified":"2022-08-08T06:47:41","modified_gmt":"2022-08-08T05:47:41","slug":"session-barcamp-windows-phone-7-sur-lyon","status":"publish","type":"post","link":"http:\/\/www.ree7.fr\/blog\/2011\/02\/session-barcamp-windows-phone-7-sur-lyon\/","title":{"rendered":"Session Barcamp Windows Phone 7 sur Lyon"},"content":{"rendered":"<a href=\"http:\/\/blogs.msdn.com\/b\/editeurs_de_logiciels\/archive\/2011\/02\/14\/venez-participer-au-1er-barcamp-windows-phone-7-de-la-r-233-gion-rh-244-ne-alpes.aspx\" target=\"_blank\" rel=\"noopener\"><img loading=\"lazy\" class=\"aligncenter\" title=\"Flyer Barcamp\" src=\"http:\/\/blogs.msdn.com\/resized-image.ashx\/__size\/550x0\/__key\/CommunityServer-Blogs-Components-WeblogFiles\/00-00-01-04-86\/0246.barcamp-1.PNG\" alt=\"Flyer Barcamp\" width=\"550\" height=\"408\" \/><img loading=\"lazy\" class=\"aligncenter\" src=\"http:\/\/blogs.msdn.com\/resized-image.ashx\/__size\/550x0\/__key\/CommunityServer-Blogs-Components-WeblogFiles\/00-00-01-04-86\/8132.barcamp-2.PNG\" alt=\"\" width=\"550\" height=\"369\" \/><\/a>\n<p>Amis d\u00e9veloppeurs du Sud-Est (et d&rsquo;ailleurs, on n&rsquo;est pas sectaires !), un \u00e9v\u00e8nement autour de Windows Phone 7 va avoir lieu dans notre belle ville de Lyon (comme quoi \u00e0 Lyon, il n&rsquo;y a pas que le JUG ;-)).<\/p>\n<p>Venez nous retrouver le 22 Mars (apr\u00e8s-midi) pour discuter de Windows Phone 7 dans une ambiance d\u00e9tendue (Barcamp = technologie + ap\u00e9rologie). Les sujets abord\u00e9s seront en fonction de l&rsquo;audience, cependant dans les grandes lignes :<\/p>\n<ul>\n<li>Fabien Decret (MVP technologies embarqu\u00e9es) vous parlera de d\u00e9veloppement sous WP7 (le sdk, le web, les sp\u00e9cificit\u00e9s de Windows Phone 7, &#8230;)<\/li>\n<li>Moi-m\u00eame (MCP Windows Mobile) vous parlerai de d\u00e9veloppement et de design (orient\u00e9 UI\/UX, Expression Blend, &#8230;)<\/li>\n<li>Vincent Gaviot (marketing Adeneo Embedded) vous parlera des aspects marketplace et mon\u00e9tisation<\/li>\n<li>Et enfin un intervenant Microsoft viendra nous \u00e9pauler sur tous ces sujets \ud83d\ude42<\/li>\n<\/ul>\n<p>C&rsquo;est une premi\u00e8re sur Lyon et c&rsquo;est gratuit. Par contre, les places sont limit\u00e9es.<br \/>\nPour vous inscrire ou avoir plus d&rsquo;infos, contactez-nous : <strong>training.emea[at]adeneo-embedded.com <\/strong><\/p>\n","protected":false},"excerpt":{"rendered":"<p>Amis d\u00e9veloppeurs du Sud-Est (et d&rsquo;ailleurs, on n&rsquo;est pas sectaires !), un \u00e9v\u00e8nement autour de Windows Phone 7 va avoir lieu dans notre belle ville de Lyon (comme quoi \u00e0 Lyon, il n&rsquo;y a pas que le JUG ;-)). Venez nous retrouver le 22 Mars (apr\u00e8s-midi) pour discuter de Windows Phone 7 dans une ambiance [&hellip;]<\/p>\n","protected":false},"author":1,"featured_media":0,"comment_status":"closed","ping_status":"open","sticky":false,"template":"","format":"standard","meta":{"jetpack_post_was_ever_published":false,"jetpack_publicize_message":"","jetpack_is_tweetstorm":false,"jetpack_publicize_feature_enabled":true,"jetpack_social_post_already_shared":false,"jetpack_social_options":{"image_generator_settings":{"template":"highway","enabled":false}}},"categories":[34],"tags":[43,44,20],"jetpack_publicize_connections":[],"aioseo_notices":[],"jetpack_featured_media_url":"","jetpack_shortlink":"https:\/\/wp.me\/p19lzH-1g","jetpack_sharing_enabled":true,"_links":{"self":[{"href":"http:\/\/www.ree7.fr\/blog\/wp-json\/wp\/v2\/posts\/78"}],"collection":[{"href":"http:\/\/www.ree7.fr\/blog\/wp-json\/wp\/v2\/posts"}],"about":[{"href":"http:\/\/www.ree7.fr\/blog\/wp-json\/wp\/v2\/types\/post"}],"author":[{"embeddable":true,"href":"http:\/\/www.ree7.fr\/blog\/wp-json\/wp\/v2\/users\/1"}],"replies":[{"embeddable":true,"href":"http:\/\/www.ree7.fr\/blog\/wp-json\/wp\/v2\/comments?post=78"}],"version-history":[{"count":1,"href":"http:\/\/www.ree7.fr\/blog\/wp-json\/wp\/v2\/posts\/78\/revisions"}],"predecessor-version":[{"id":594,"href":"http:\/\/www.ree7.fr\/blog\/wp-json\/wp\/v2\/posts\/78\/revisions\/594"}],"wp:attachment":[{"href":"http:\/\/www.ree7.fr\/blog\/wp-json\/wp\/v2\/media?parent=78"}],"wp:term":[{"taxonomy":"category","embeddable":true,"href":"http:\/\/www.ree7.fr\/blog\/wp-json\/wp\/v2\/categories?post=78"},{"taxonomy":"post_tag","embeddable":true,"href":"http:\/\/www.ree7.fr\/blog\/wp-json\/wp\/v2\/tags?post=78"}],"curies":[{"name":"wp","href":"https:\/\/api.w.org\/{rel}","templated":true}]}}